{"id":26846,"date":"2025-06-02T16:06:29","date_gmt":"2025-06-02T14:06:29","guid":{"rendered":"https:\/\/www.dsvamb.cz\/?p=26846"},"modified":"2025-11-28T16:28:55","modified_gmt":"2025-11-28T15:28:55","slug":"podekovani-kraji-vysocina","status":"publish","type":"post","link":"https:\/\/www.dsvamb.cz\/?p=26846","title":{"rendered":"Pod\u011bkov\u00e1n\u00ed Kraji Vyso\u010dina"},"content":{"rendered":"\t\t<div data-elementor-type=\"wp-post\" data-elementor-id=\"26846\" class=\"elementor elementor-26846\" data-elementor-settings=\"[]\">\n\t\t\t\t\t\t\t<div class=\"elementor-section-wrap\">\n\t\t\t\t\t\t\t<section class=\"elementor-section elementor-top-section elementor-element elementor-element-35b6c94d elementor-section-boxed elementor-section-height-default elementor-section-height-default\" data-id=\"35b6c94d\" data-element_type=\"section\">\n\t\t\t\t\t\t<div class=\"elementor-container elementor-column-gap-default\">\n\t\t\t\t\t<div class=\"elementor-column elementor-col-100 elementor-top-column elementor-element elementor-element-5415f85a\" data-id=\"5415f85a\" data-element_type=\"column\">\n\t\t\t<div class=\"elementor-widget-wrap elementor-element-populated\">\n\t\t\t\t\t\t\t\t<div class=\"elementor-element elementor-element-41e30aa0 elementor-widget elementor-widget-text-editor\" data-id=\"41e30aa0\" data-element_type=\"widget\" data-widget_type=\"text-editor.default\">\n\t\t\t\t<div class=\"elementor-widget-container\">\n\t\t\t<style>\/*! elementor - v3.5.6 - 28-02-2022 *\/\n.elementor-widget-text-editor.elementor-drop-cap-view-stacked .elementor-drop-cap{background-color:#818a91;color:#fff}.elementor-widget-text-editor.elementor-drop-cap-view-framed .elementor-drop-cap{color:#818a91;border:3px solid;background-color:transparent}.elementor-widget-text-editor:not(.elementor-drop-cap-view-default) .elementor-drop-cap{margin-top:8px}.elementor-widget-text-editor:not(.elementor-drop-cap-view-default) .elementor-drop-cap-letter{width:1em;height:1em}.elementor-widget-text-editor .elementor-drop-cap{float:left;text-align:center;line-height:1;font-size:50px}.elementor-widget-text-editor .elementor-drop-cap-letter{display:inline-block}<\/style>\t\t\t\t<!-- wp:paragraph -->\n<p>D\u016fm sv. Anton\u00edna t\u00edmto srde\u010dn\u011b d\u011bkuje Kraji Vyso\u010dina za poskytnut\u00ed finan\u010dn\u00ed podpory ve v\u00fd\u0161i 300.000,- K\u010d z Fondu Vyso\u010diny v r\u00e1mci programu \u201eInvestujeme v soci\u00e1ln\u00edch slu\u017eb\u00e1ch 2024\u201c. D\u00edky t\u00e9to dotaci jsme mohli v projektu <strong>\u201e<\/strong>Modernizace objekt\u016f a jejich vybaven\u00ed\u201c po\u0159\u00eddit p\u0159\u00edstroj Medivak MVT \u2013 dekontamin\u00e1tor, kter\u00fd v\u00fdznamn\u011b p\u0159isp\u00edv\u00e1 k bezpe\u010dn\u011bj\u0161\u00ed a efektivn\u011bj\u0161\u00ed likvidaci pou\u017eit\u00fdch inkontinen\u010dn\u00edch pom\u016fcek.<\/p>\n<!-- \/wp:paragraph --><!-- wp:paragraph -->\n<p>Tato modernizace p\u0159edstavuje d\u016fle\u017eit\u00fd krok ke zkvalitn\u011bn\u00ed p\u00e9\u010de o na\u0161e klienty a z\u00e1rove\u0148 usnad\u0148uje pr\u00e1ci na\u0161im zam\u011bstnanc\u016fm. Velmi si v\u00e1\u017e\u00edme podpory, kter\u00e1 n\u00e1m umo\u017e\u0148uje neust\u00e1le zlep\u0161ovat prost\u0159ed\u00ed a slu\u017eby, je\u017e poskytujeme.<\/p>\n<!-- \/wp:paragraph --><!-- wp:paragraph -->\n<p>S \u00factou a pod\u011bkov\u00e1n\u00edm, Ing. Petr \u017d\u00e1k \u0159editel Domu sv. Anton\u00edna v\u00a0Moravsk\u00fdch Bud\u011bjovic\u00edch<\/p>\n<!-- \/wp:paragraph --><!-- wp:paragraph -->\n<p>\u00a0<\/p>\n<!-- \/wp:paragraph -->\t\t\t\t\t\t<\/div>\n\t\t\t\t<\/div>\n\t\t\t\t\t<\/div>\n\t\t<\/div>\n\t\t\t\t\t\t\t<\/div>\n\t\t<\/section>\n\t\t\t\t\t\t<\/div>\n\t\t\t\t\t<\/div>\n\t\t","protected":false},"excerpt":{"rendered":"<p>D\u016fm sv. Anton\u00edna t\u00edmto srde\u010dn\u011b d\u011bkuje Kraji Vyso\u010dina za poskytnut\u00ed finan\u010dn\u00ed podpory ve v\u00fd\u0161i 300.000,- K\u010d z Fondu&#8230;<\/p>\n","protected":false},"author":6,"featured_media":26843,"comment_status":"closed","ping_status":"open","sticky":false,"template":"","format":"standard","meta":{"ngg_post_thumbnail":0,"footnotes":""},"categories":[1],"tags":[],"class_list":["post-26846","post","type-post","status-publish","format-standard","has-post-thumbnail","hentry","category-aktuality"],"_links":{"self":[{"href":"https:\/\/www.dsvamb.cz\/index.php?rest_route=\/wp\/v2\/posts\/26846","targetHints":{"allow":["GET"]}}],"collection":[{"href":"https:\/\/www.dsvamb.cz\/index.php?rest_route=\/wp\/v2\/posts"}],"about":[{"href":"https:\/\/www.dsvamb.cz\/index.php?rest_route=\/wp\/v2\/types\/post"}],"author":[{"embeddable":true,"href":"https:\/\/www.dsvamb.cz\/index.php?rest_route=\/wp\/v2\/users\/6"}],"replies":[{"embeddable":true,"href":"https:\/\/www.dsvamb.cz\/index.php?rest_route=%2Fwp%2Fv2%2Fcomments&post=26846"}],"version-history":[{"count":4,"href":"https:\/\/www.dsvamb.cz\/index.php?rest_route=\/wp\/v2\/posts\/26846\/revisions"}],"predecessor-version":[{"id":26850,"href":"https:\/\/www.dsvamb.cz\/index.php?rest_route=\/wp\/v2\/posts\/26846\/revisions\/26850"}],"wp:featuredmedia":[{"embeddable":true,"href":"https:\/\/www.dsvamb.cz\/index.php?rest_route=\/wp\/v2\/media\/26843"}],"wp:attachment":[{"href":"https:\/\/www.dsvamb.cz\/index.php?rest_route=%2Fwp%2Fv2%2Fmedia&parent=26846"}],"wp:term":[{"taxonomy":"category","embeddable":true,"href":"https:\/\/www.dsvamb.cz\/index.php?rest_route=%2Fwp%2Fv2%2Fcategories&post=26846"},{"taxonomy":"post_tag","embeddable":true,"href":"https:\/\/www.dsvamb.cz\/index.php?rest_route=%2Fwp%2Fv2%2Ftags&post=26846"}],"curies":[{"name":"wp","href":"https:\/\/api.w.org\/{rel}","templated":true}]}}