{"id":24354,"date":"2025-04-29T21:45:32","date_gmt":"2025-04-29T19:45:32","guid":{"rendered":"https:\/\/www.dsvamb.cz\/?p=24354"},"modified":"2025-04-29T21:50:46","modified_gmt":"2025-04-29T19:50:46","slug":"den-otevrenych-dveri-pristavby","status":"publish","type":"post","link":"https:\/\/www.dsvamb.cz\/?p=24354","title":{"rendered":"Den otev\u0159en\u00fdch dve\u0159\u00ed p\u0159\u00edstavby"},"content":{"rendered":"<p><strong><u>Otev\u0159en\u00ed p\u0159\u00edstavby Domu sv. Anton\u00edna a zah\u00e1jen\u00ed v\u00fdstavby denn\u00edch stacion\u00e1\u0159\u016f<\/u><\/strong><\/p><p>\u201eSpokojenost nepoch\u00e1z\u00ed ze zhotoven\u00e9 stavby, ale z&nbsp;toho, co jsme spole\u010dn\u011b vytvo\u0159ili.\u201c<\/p><p>&nbsp;&nbsp; V&nbsp;\u0159\u00edjnu roku 2023 byly zah\u00e1jeny stavebn\u00ed pr\u00e1ce na vybudov\u00e1n\u00ed p\u0159\u00edstavby Domu sv. Anton\u00edna.<\/p><p>  Poda\u0159ilo se za 18 m\u011bs\u00edc\u016f vybudovat ultramodern\u00ed budovu v\u00a0pasivn\u00edm energetick\u00e9m standardu. P\u0159\u00edstup do objektu je bezbari\u00e9rov\u00fd z\u00a0hlavn\u00ed are\u00e1lov\u00e9 komunikace. Budova je \u010dty\u0159podla\u017en\u00ed s\u00a0ustupuj\u00edc\u00edm p\u00e1t\u00fdm podla\u017e\u00edm, kter\u00e9 nese plochou tzv. \u201ezelenou st\u0159echu\u201c.<\/p><p>  Jednotliv\u00e9 podla\u017e\u00ed tvo\u0159\u00ed pokoje s\u00a0vlastn\u00edm soci\u00e1ln\u00edm z\u00e1zem\u00edm pro obyvatele, sesterna, denn\u00ed m\u00edstnost person\u00e1lu, spole\u010densk\u00e1 m\u00edstnost s\u00a0j\u00eddelnou pro obyvatele. D\u00e1le jsou zde spole\u010dn\u00e9 koupelny, rehabilitace a nezbytn\u00e9 prostory pro person\u00e1l.<\/p><p>&nbsp;  V&nbsp;polovin\u011b kv\u011btna 2025 prob\u011bhne slavnostn\u00ed otev\u0159en\u00ed a \u017eehn\u00e1n\u00ed p\u0159\u00edstavby. V\u0161echny srde\u010dn\u011b zveme na <strong>dny otev\u0159en\u00fdch dve\u0159\u00ed p\u0159\u00edstavby<\/strong>, kter\u00e9 budou <strong>v p\u00e1tek 16. 5. 2025<\/strong> a <strong>v&nbsp;ned\u011bli 18. 5. 2025 v&nbsp;\u010dase od 10.00 hod do 16.00 hod<\/strong>. Pro n\u00e1v\u0161t\u011bvn\u00edky bude p\u0159ipravena mal\u00e1 pozornost.<\/p><p>&nbsp;&nbsp;&nbsp;&nbsp; D\u011bkujeme St\u00e1tn\u00edmu fondu \u017divotn\u00edho prost\u0159ed\u00ed, kter\u00fd poskytl na p\u0159\u00edstavbu dotaci, firm\u011b&nbsp;&nbsp; &nbsp;V-STAV A, spol. s&nbsp;r.o., Hrotovice za odvedenou kvalitn\u00ed pr\u00e1ci. Tak\u00e9 velmi d\u011bkujeme v\u0161em d\u00e1rc\u016fm, kte\u0159\u00ed n\u00e1m sv\u00fdm darem p\u0159isp\u011bli, ale i t\u011bm, kte\u0159\u00ed n\u00e1s podporuj\u00ed jin\u00fdm zp\u016fsobem.<\/p><p>&nbsp;&nbsp; V\u011b\u0159\u00edme, \u017ee se obyvatel\u016fm i person\u00e1lu bude v&nbsp;nov\u00fdch prostor\u00e1ch l\u00edbit.&nbsp; Na\u0161im obyvatel\u016fm p\u0159ejeme, aby zde mohli pro\u017e\u00edvat spokojen\u00e9 chv\u00edle.<\/p><p>&nbsp;&nbsp; Stavebn\u00ed aktivity v&nbsp;are\u00e1lu Domu sv. Anton\u00edna je\u0161t\u011b nekon\u010d\u00ed.<\/p><p>&nbsp;&nbsp; V&nbsp;\u00fanoru leto\u0161n\u00edho roku jsme zah\u00e1jili v\u00fdstavbu denn\u00edch stacion\u00e1\u0159\u016f.<\/p><p>&nbsp;&nbsp; C\u00edlem projektu je v\u00fdstavba nov\u00fdch budov denn\u00edch stacion\u00e1\u0159\u016f, kter\u00e9 budou slou\u017eit k roz\u0161\u00ed\u0159en\u00ed slu\u017eeb Domu sv. Anton\u00edna v&nbsp;oblasti p\u00e9\u010de o seniory.&nbsp; D\u00edky realizaci projektu pro tuto c\u00edlovou skupinu vznikne doposud chyb\u011bj\u00edc\u00ed soci\u00e1ln\u00ed slu\u017eba, kter\u00e1 \u0159e\u0161\u00ed p\u00e9\u010di o seniory ambulantn\u00ed formou a kter\u00e1 na \u00fazem\u00ed m\u011bsta prozat\u00edm nen\u00ed.<\/p><p>&nbsp;&nbsp; Slu\u017eba denn\u00edho stacion\u00e1\u0159e pom\u016f\u017ee zvl\u00e1dnout senior\u016fm jejich existen\u010dn\u00ed pot\u0159eby a z\u00e1rove\u0148 umo\u017e\u0148uje smyslupln\u00e9 vyu\u017eit\u00ed jejich \u010dasu, udr\u017eov\u00e1n\u00ed a upev\u0148ov\u00e1n\u00ed jejich schopnost\u00ed a dovednost\u00ed, d\u00e1le soci\u00e1ln\u00ed kontakt nejen se sv\u00fdmi vrstevn\u00edky. Odpoledne se senio\u0159i vrac\u00ed dom\u016f ke sv\u00e9 pe\u010duj\u00edc\u00ed rodin\u011b.<\/p><p>&nbsp;&nbsp; Obyvatel\u00e9 Moravsk\u00fdch Bud\u011bjovic a okol\u00ed m\u011bli doposud mo\u017enost volby mezi dv\u011bma variantami. Bu\u010f seniora z\u00e1visl\u00e9ho na pomoci druh\u00e9 osoby um\u00edstit do domova pro seniory nebo odej\u00edt ze zam\u011bstn\u00e1n\u00ed a postarat se o n\u011bj sami v&nbsp;dom\u00e1c\u00edm prost\u0159ed\u00ed, p\u0159\u00edpadn\u011b s&nbsp;podporou ter\u00e9nn\u00ed pe\u010dovatelsk\u00e9 slu\u017eby.<\/p><p>&nbsp;&nbsp; Vybudov\u00e1n\u00edm denn\u00edch stacion\u00e1\u0159\u016f p\u0159in\u00e1\u0161\u00ed dal\u0161\u00ed alternativu, kter\u00e1 je v&nbsp;podstat\u011b kombinac\u00ed dvou p\u0159edchoz\u00edch. Tedy starat se o seniora a m\u00edt ho doma v&nbsp;kruhu sv\u00fdch bl\u00edzk\u00fdch a p\u0159itom v&nbsp;dob\u011b, kdy bude senior nav\u0161t\u011bvovat denn\u00ed stacion\u00e1\u0159 nad\u00e1le chodit do zam\u011bstn\u00e1n\u00ed \u010di v\u011bnovat se jin\u00fdm \u010dinnostem.<\/p><p>&nbsp;&nbsp; Vybudov\u00e1n\u00edm denn\u00edch stacion\u00e1\u0159\u016f vzniknou modern\u00ed budovy s&nbsp;p\u0159\u00edm\u00fdm bezbari\u00e9rov\u00fdm p\u0159\u00edstupem do objekt\u016f.<\/p><p>&nbsp;&nbsp; Pod\u00e9l are\u00e1lu Domova z&nbsp;ulice Komensk\u00e9ho vzniknou nov\u00e1 parkovac\u00ed m\u00edsta pro slu\u017ebu denn\u00edho stacion\u00e1\u0159e &nbsp;&nbsp;a &nbsp;&nbsp;n\u00e1v\u0161t\u011bvn\u00edky &nbsp;&nbsp;domova &nbsp;&nbsp;senior\u016f.&nbsp; Mimo vyhrazenou dobu parkov\u00e1n\u00ed &nbsp;&nbsp;&nbsp;pro&nbsp; pot\u0159eby&nbsp; Domu sv. Anton\u00edna budou m\u00edt mo\u017enost vyu\u017e\u00edt tyto parkovac\u00ed m\u00edsta ob\u010dan\u00e9 z&nbsp;p\u0159ilehl\u00fdch nemovitost\u00ed.<\/p><p>&nbsp;&nbsp; Projekty denn\u00edch stacion\u00e1\u0159\u016f jsou spolufinancov\u00e1ny z&nbsp;N\u00e1rodn\u00edho pl\u00e1nu obnovy Ministerstva pr\u00e1ce a soci\u00e1ln\u00edch v\u011bc\u00ed.<\/p><p>  \u00a0Kdo by cht\u011bl tyto projekty finan\u010dn\u011b podpo\u0159it, m\u016f\u017ee zaslat dar na \u010d\u00edslo \u00fa\u010dtu: 11634711\/0100.<\/p><p>&nbsp; P\u0159edpokl\u00e1dan\u00e9 ukon\u010den\u00ed realizace projektu je ji\u017e za 8 m\u011bs\u00edc\u016f, tj. v&nbsp;\u0159\u00edjnu 2025.<\/p><p>  \u00a0Jsme si v\u011bdomi, \u017ee stavba s\u00a0sebou p\u0159in\u00e1\u0161\u00ed pra\u0161nost a hluk, pros\u00edme o shov\u00edvavost. Budeme se sna\u017eit, aby stavebn\u00ed pr\u00e1ce co nejm\u00e9n\u011b zat\u00ed\u017eili b\u011b\u017en\u00fd \u017eivot okoln\u00edch spoluob\u010dan\u016f.<\/p><p>  Bli\u017e\u0161\u00ed  informace  o aktivit\u00e1ch  Domu  sv. Anton\u00edna  naleznete  na webov\u00fdch  str\u00e1nk\u00e1ch: <a href=\"http:\/\/www.dsvamb.cz\">www.dsvamb.cz<\/a> nebo FB: D\u016fm sv. Anton\u00edna.<\/p><p>&nbsp;&nbsp;&nbsp;&nbsp;&nbsp;&nbsp;&nbsp;&nbsp;&nbsp;&nbsp;&nbsp;&nbsp;&nbsp;&nbsp;&nbsp;&nbsp;&nbsp;&nbsp;&nbsp;&nbsp;&nbsp;&nbsp;&nbsp;&nbsp;&nbsp;&nbsp;&nbsp;&nbsp;&nbsp;&nbsp;&nbsp;&nbsp;&nbsp;&nbsp;&nbsp;&nbsp;&nbsp;&nbsp;&nbsp;&nbsp;&nbsp;&nbsp;&nbsp;&nbsp;&nbsp;&nbsp;&nbsp;&nbsp;&nbsp;&nbsp;&nbsp;&nbsp;&nbsp;&nbsp;&nbsp;&nbsp;&nbsp;&nbsp;&nbsp;&nbsp;&nbsp;&nbsp;&nbsp;&nbsp;&nbsp;&nbsp;&nbsp;&nbsp;&nbsp;&nbsp;&nbsp;&nbsp;&nbsp;&nbsp;&nbsp;&nbsp;&nbsp;&nbsp;&nbsp;&nbsp;&nbsp;&nbsp;&nbsp;&nbsp;&nbsp;&nbsp;&nbsp;&nbsp;&nbsp;&nbsp;&nbsp;&nbsp;&nbsp;&nbsp;&nbsp;&nbsp;&nbsp;&nbsp;&nbsp;&nbsp;&nbsp;&nbsp;&nbsp;&nbsp;&nbsp;&nbsp;&nbsp;&nbsp;&nbsp;&nbsp;&nbsp;&nbsp; Ing. Petr \u017d\u00e1k<\/p>","protected":false},"excerpt":{"rendered":"<p>Otev\u0159en\u00ed p\u0159\u00edstavby Domu sv. Anton\u00edna a zah\u00e1jen\u00ed v\u00fdstavby denn\u00edch stacion\u00e1\u0159\u016f \u201eSpokojenost nepoch\u00e1z\u00ed ze zhotoven\u00e9 stavby, ale z&nbsp;toho, co&#8230;<\/p>\n","protected":false},"author":6,"featured_media":24353,"comment_status":"closed","ping_status":"open","sticky":false,"template":"","format":"standard","meta":{"ngg_post_thumbnail":0,"footnotes":""},"categories":[1],"tags":[],"class_list":["post-24354","post","type-post","status-publish","format-standard","has-post-thumbnail","hentry","category-aktuality"],"_links":{"self":[{"href":"https:\/\/www.dsvamb.cz\/index.php?rest_route=\/wp\/v2\/posts\/24354","targetHints":{"allow":["GET"]}}],"collection":[{"href":"https:\/\/www.dsvamb.cz\/index.php?rest_route=\/wp\/v2\/posts"}],"about":[{"href":"https:\/\/www.dsvamb.cz\/index.php?rest_route=\/wp\/v2\/types\/post"}],"author":[{"embeddable":true,"href":"https:\/\/www.dsvamb.cz\/index.php?rest_route=\/wp\/v2\/users\/6"}],"replies":[{"embeddable":true,"href":"https:\/\/www.dsvamb.cz\/index.php?rest_route=%2Fwp%2Fv2%2Fcomments&post=24354"}],"version-history":[{"count":3,"href":"https:\/\/www.dsvamb.cz\/index.php?rest_route=\/wp\/v2\/posts\/24354\/revisions"}],"predecessor-version":[{"id":24358,"href":"https:\/\/www.dsvamb.cz\/index.php?rest_route=\/wp\/v2\/posts\/24354\/revisions\/24358"}],"wp:featuredmedia":[{"embeddable":true,"href":"https:\/\/www.dsvamb.cz\/index.php?rest_route=\/wp\/v2\/media\/24353"}],"wp:attachment":[{"href":"https:\/\/www.dsvamb.cz\/index.php?rest_route=%2Fwp%2Fv2%2Fmedia&parent=24354"}],"wp:term":[{"taxonomy":"category","embeddable":true,"href":"https:\/\/www.dsvamb.cz\/index.php?rest_route=%2Fwp%2Fv2%2Fcategories&post=24354"},{"taxonomy":"post_tag","embeddable":true,"href":"https:\/\/www.dsvamb.cz\/index.php?rest_route=%2Fwp%2Fv2%2Ftags&post=24354"}],"curies":[{"name":"wp","href":"https:\/\/api.w.org\/{rel}","templated":true}]}}