{"id":24250,"date":"2025-09-30T21:00:00","date_gmt":"2025-09-30T19:00:00","guid":{"rendered":"https:\/\/www.dsvamb.cz\/?p=24250"},"modified":"2025-10-07T22:19:40","modified_gmt":"2025-10-07T20:19:40","slug":"vystavba-dennich-stacionaru","status":"publish","type":"post","link":"https:\/\/www.dsvamb.cz\/?p=24250","title":{"rendered":"V\u00fdstavba denn\u00edch stacion\u00e1\u0159\u016f"},"content":{"rendered":"\t\t<div data-elementor-type=\"wp-post\" data-elementor-id=\"24250\" class=\"elementor elementor-24250\" data-elementor-settings=\"[]\">\n\t\t\t\t\t\t\t<div class=\"elementor-section-wrap\">\n\t\t\t\t\t\t\t<section class=\"elementor-section elementor-top-section elementor-element elementor-element-12a8e5a elementor-section-boxed elementor-section-height-default elementor-section-height-default\" data-id=\"12a8e5a\" data-element_type=\"section\">\n\t\t\t\t\t\t<div class=\"elementor-container elementor-column-gap-default\">\n\t\t\t\t\t<div class=\"elementor-column elementor-col-100 elementor-top-column elementor-element elementor-element-fc28f89\" data-id=\"fc28f89\" data-element_type=\"column\">\n\t\t\t<div class=\"elementor-widget-wrap\">\n\t\t\t\t\t\t\t\t\t<\/div>\n\t\t<\/div>\n\t\t\t\t\t\t\t<\/div>\n\t\t<\/section>\n\t\t\t\t<section class=\"elementor-section elementor-top-section elementor-element elementor-element-2cb27e6 elementor-section-boxed elementor-section-height-default elementor-section-height-default\" data-id=\"2cb27e6\" data-element_type=\"section\">\n\t\t\t\t\t\t<div class=\"elementor-container elementor-column-gap-default\">\n\t\t\t\t\t<div class=\"elementor-column elementor-col-100 elementor-top-column elementor-element elementor-element-8b56a66\" data-id=\"8b56a66\" data-element_type=\"column\">\n\t\t\t<div class=\"elementor-widget-wrap elementor-element-populated\">\n\t\t\t\t\t\t\t\t<div class=\"elementor-element elementor-element-4e1355c elementor-widget elementor-widget-image\" data-id=\"4e1355c\" data-element_type=\"widget\" data-widget_type=\"image.default\">\n\t\t\t\t<div class=\"elementor-widget-container\">\n\t\t\t<style>\/*! elementor - v3.5.6 - 28-02-2022 *\/\n.elementor-widget-image{text-align:center}.elementor-widget-image a{display:inline-block}.elementor-widget-image a img[src$=\".svg\"]{width:48px}.elementor-widget-image img{vertical-align:middle;display:inline-block}<\/style>\t\t\t\t\t\t\t\t\t\t\t\t<img loading=\"lazy\" decoding=\"async\" width=\"940\" height=\"529\" src=\"https:\/\/www.dsvamb.cz\/wp-content\/uploads\/2025\/03\/Pohled_zahradni-1.jpg\" class=\"attachment-large size-large\" alt=\"\" srcset=\"https:\/\/www.dsvamb.cz\/wp-content\/uploads\/2025\/03\/Pohled_zahradni-1.jpg 1000w, https:\/\/www.dsvamb.cz\/wp-content\/uploads\/2025\/03\/Pohled_zahradni-1-300x169.jpg 300w, https:\/\/www.dsvamb.cz\/wp-content\/uploads\/2025\/03\/Pohled_zahradni-1-768x432.jpg 768w, https:\/\/www.dsvamb.cz\/wp-content\/uploads\/2025\/03\/Pohled_zahradni-1-285x160.jpg 285w, https:\/\/www.dsvamb.cz\/wp-content\/uploads\/2025\/03\/Pohled_zahradni-1-660x372.jpg 660w, https:\/\/www.dsvamb.cz\/wp-content\/uploads\/2025\/03\/Pohled_zahradni-1-150x84.jpg 150w\" sizes=\"auto, (max-width: 940px) 100vw, 940px\" \/>\t\t\t\t\t\t\t\t\t\t\t\t\t\t\t<\/div>\n\t\t\t\t<\/div>\n\t\t\t\t\t<\/div>\n\t\t<\/div>\n\t\t\t\t\t\t\t<\/div>\n\t\t<\/section>\n\t\t\t\t<section class=\"elementor-section elementor-top-section elementor-element elementor-element-30b38e9 elementor-section-boxed elementor-section-height-default elementor-section-height-default\" data-id=\"30b38e9\" data-element_type=\"section\">\n\t\t\t\t\t\t<div class=\"elementor-container elementor-column-gap-default\">\n\t\t\t\t\t<div class=\"elementor-column elementor-col-100 elementor-top-column elementor-element elementor-element-43beffb\" data-id=\"43beffb\" data-element_type=\"column\">\n\t\t\t<div class=\"elementor-widget-wrap elementor-element-populated\">\n\t\t\t\t\t\t\t\t<div class=\"elementor-element elementor-element-9289f63 elementor-widget elementor-widget-text-editor\" data-id=\"9289f63\" data-element_type=\"widget\" data-widget_type=\"text-editor.default\">\n\t\t\t\t<div class=\"elementor-widget-container\">\n\t\t\t<style>\/*! elementor - v3.5.6 - 28-02-2022 *\/\n.elementor-widget-text-editor.elementor-drop-cap-view-stacked .elementor-drop-cap{background-color:#818a91;color:#fff}.elementor-widget-text-editor.elementor-drop-cap-view-framed .elementor-drop-cap{color:#818a91;border:3px solid;background-color:transparent}.elementor-widget-text-editor:not(.elementor-drop-cap-view-default) .elementor-drop-cap{margin-top:8px}.elementor-widget-text-editor:not(.elementor-drop-cap-view-default) .elementor-drop-cap-letter{width:1em;height:1em}.elementor-widget-text-editor .elementor-drop-cap{float:left;text-align:center;line-height:1;font-size:50px}.elementor-widget-text-editor .elementor-drop-cap-letter{display:inline-block}<\/style>\t\t\t\t<p>\u00a0\u00a0 C\u00edlem projektu je v\u00fdstavba nov\u00fdch budov denn\u00edch stacion\u00e1\u0159\u016f, kter\u00e9 budou slou\u017eit k roz\u0161\u00ed\u0159en\u00ed slu\u017eeb Domu sv. Anton\u00edna v\u00a0oblasti p\u00e9\u010de o seniory.<\/p><p>\u00a0\u00a0 Soci\u00e1ln\u00ed slu\u017eby nab\u00edzen\u00e9 Domovem jsou c\u00edlen\u011b zam\u011b\u0159eny na pr\u00e1ci se seniory. Hlavn\u00ed c\u00edlovou skupinou jsou tedy lid\u00e9 od 50 let, kte\u0159\u00ed nezvl\u00e1dnou p\u00e9\u010di o svou osobu a pot\u0159ebuj\u00ed pomoc druh\u00e9 osoby p\u0159i sv\u00fdch z\u00e1kladn\u00edch \u017eivotn\u00edch pot\u0159eb\u00e1ch. D\u00edky realizaci projektu pro tuto c\u00edlovou skupinu vznikne doposud chyb\u011bj\u00edc\u00ed soci\u00e1ln\u00ed slu\u017eba, kter\u00e1 \u0159e\u0161\u00ed p\u00e9\u010di o seniory ambulantn\u00ed formou a kter\u00e1 na \u00fazem\u00ed m\u011bsta prozat\u00edm chyb\u00ed. Slu\u017eba denn\u00edho stacion\u00e1\u0159e pom\u016f\u017ee zvl\u00e1dnout senior\u016fm jejich existen\u010dn\u00ed pot\u0159eby a z\u00e1rove\u0148 umo\u017e\u0148uje smyslupln\u00e9 vyu\u017eit\u00ed jejich \u010dasu, udr\u017eov\u00e1n\u00ed a upev\u0148ov\u00e1n\u00ed jejich schopnost\u00ed a dovednost\u00ed, d\u00e1le soci\u00e1ln\u00ed kontakt nejen se sv\u00fdmi vrstevn\u00edky. Odpoledne se senio\u0159i vrac\u00ed dom\u016f ke sv\u00e9 pe\u010duj\u00edc\u00ed rodin\u011b.<\/p><p>\u00a0\u00a0 Obyvatel\u00e9 Moravsk\u00fdch Bud\u011bjovic a okol\u00ed m\u011bli doposud mo\u017enost volby mezi dv\u011bma variantami. Bu\u010f seniora z\u00e1visl\u00e9ho na pomoci druh\u00e9 osoby um\u00edstit do domova pro seniory nebo odej\u00edt ze zam\u011bstn\u00e1n\u00ed a postarat se o n\u011bj sami v\u00a0dom\u00e1c\u00edm prost\u0159ed\u00ed, p\u0159\u00edpadn\u011b s\u00a0podporou ter\u00e9nn\u00ed pe\u010dovatelsk\u00e9 slu\u017eby.<\/p><p>\u00a0\u00a0 Vybudov\u00e1n\u00edm denn\u00edch stacion\u00e1\u0159\u016f p\u0159in\u00e1\u0161\u00ed dal\u0161\u00ed alternativu, kter\u00e1 je v\u00a0podstat\u011b kombinac\u00ed dvou p\u0159edchoz\u00edch. Tedy starat se o seniora a m\u00edt ho doma v\u00a0kruhu sv\u00fdch bl\u00edzk\u00fdch a p\u0159itom v\u00a0dob\u011b, kdy bude senior nav\u0161t\u011bvovat denn\u00ed stacion\u00e1\u0159 nad\u00e1le chodit do zam\u011bstn\u00e1n\u00ed \u010di v\u011bnovat se jin\u00fdm \u010dinnostem. Denn\u00ed stacion\u00e1\u0159e jsou vhodnou volbou pro osoby, kter\u00e9 se cht\u011bj\u00ed o seniora starat, ale z\u00e1rove\u0148 pot\u0159ebuj\u00ed i \u010das pro sv\u016fj soukrom\u00fd a pracovn\u00ed \u017eivot.<\/p><p>\u00a0\u00a0 Vybudov\u00e1n\u00edm \u00a0denn\u00edch \u00a0stacion\u00e1\u0159\u016f \u00a0vzniknou \u00a0modern\u00ed budovy s\u00a0p\u0159\u00edm\u00fdm bezbari\u00e9rov\u00fdm p\u0159\u00edstupem do objekt\u016f. Zdrojem pro vyt\u00e1p\u011bn\u00ed budou tepeln\u00e1 \u010derpadla, v\u011btr\u00e1n\u00ed se \u0159e\u0161\u00ed pomoc\u00ed vzduchotechnick\u00e9 jednotky s\u00a0rekuperac\u00ed tepla a elektrick\u00fdm oh\u0159evem vzduchu.<\/p><p>\u00a0\u00a0 Pod\u00e9l are\u00e1lu Domova z\u00a0ulice Komensk\u00e9ho vzniknou parkovac\u00ed m\u00edsta pro parkov\u00e1n\u00ed aut denn\u00edho stacion\u00e1\u0159e \u00a0a \u00a0n\u00e1v\u0161t\u011bv \u00a0domova \u00a0senior\u016f. \u00a0\u00a0Mimo \u00a0vyhrazenou \u00a0dobu \u00a0parkov\u00e1n\u00ed \u00a0pro \u00a0pot\u0159eby \u00a0Domu sv. Anton\u00edna budou m\u00edt mo\u017enost vyu\u017e\u00edt parkovac\u00ed m\u00edsta ob\u010dan\u00e9 z\u00a0p\u0159ilehl\u00fdch nemovitost\u00ed.<\/p><p>\u00a0\u00a0 V\u00fdstavba\u00a0denn\u00edch stacion\u00e1\u0159\u016f byla zah\u00e1jena v \u00fanoru 2025, p\u0159edpokl\u00e1dan\u00e9 ukon\u010den\u00ed realizace projektu je v\u00a0\u0159\u00edjnu 2025.<\/p><p>\u00a0\u00a0 Jsme si v\u011bdomi, \u017ee stavba s\u00a0sebou p\u0159in\u00e1\u0161\u00ed pra\u0161nost a hluk, pros\u00edme o shov\u00edvavost. Budeme se sna\u017eit, aby stavebn\u00ed pr\u00e1ce co nejm\u00e9n\u011b zat\u00ed\u017eili b\u011b\u017en\u00fd \u017eivot okoln\u00edch spoluob\u010dan\u016f.<\/p>\t\t\t\t\t\t<\/div>\n\t\t\t\t<\/div>\n\t\t\t\t\t<\/div>\n\t\t<\/div>\n\t\t\t\t\t\t\t<\/div>\n\t\t<\/section>\n\t\t\t\t<section class=\"elementor-section elementor-top-section elementor-element elementor-element-fc57af4 elementor-section-boxed elementor-section-height-default elementor-section-height-default\" data-id=\"fc57af4\" data-element_type=\"section\">\n\t\t\t\t\t\t<div class=\"elementor-container elementor-column-gap-default\">\n\t\t\t\t\t<div class=\"elementor-column elementor-col-100 elementor-top-column elementor-element elementor-element-4896a84\" data-id=\"4896a84\" data-element_type=\"column\">\n\t\t\t<div class=\"elementor-widget-wrap elementor-element-populated\">\n\t\t\t\t\t\t\t\t<div class=\"elementor-element elementor-element-2566ed7 elementor-widget elementor-widget-image\" data-id=\"2566ed7\" data-element_type=\"widget\" data-widget_type=\"image.default\">\n\t\t\t\t<div class=\"elementor-widget-container\">\n\t\t\t\t\t\t\t\t\t\t\t\t\t\t\t<img loading=\"lazy\" decoding=\"async\" width=\"940\" height=\"629\" src=\"https:\/\/www.dsvamb.cz\/wp-content\/uploads\/2025\/03\/DSC02426-1024x685.jpg\" class=\"attachment-large size-large\" alt=\"\" srcset=\"https:\/\/www.dsvamb.cz\/wp-content\/uploads\/2025\/03\/DSC02426-1024x685.jpg 1024w, https:\/\/www.dsvamb.cz\/wp-content\/uploads\/2025\/03\/DSC02426-300x201.jpg 300w, https:\/\/www.dsvamb.cz\/wp-content\/uploads\/2025\/03\/DSC02426-768x514.jpg 768w, https:\/\/www.dsvamb.cz\/wp-content\/uploads\/2025\/03\/DSC02426-1536x1028.jpg 1536w, https:\/\/www.dsvamb.cz\/wp-content\/uploads\/2025\/03\/DSC02426-2048x1371.jpg 2048w, https:\/\/www.dsvamb.cz\/wp-content\/uploads\/2025\/03\/DSC02426-285x191.jpg 285w, https:\/\/www.dsvamb.cz\/wp-content\/uploads\/2025\/03\/DSC02426-1600x1071.jpg 1600w, https:\/\/www.dsvamb.cz\/wp-content\/uploads\/2025\/03\/DSC02426-660x442.jpg 660w, https:\/\/www.dsvamb.cz\/wp-content\/uploads\/2025\/03\/DSC02426-150x100.jpg 150w\" sizes=\"auto, (max-width: 940px) 100vw, 940px\" \/>\t\t\t\t\t\t\t\t\t\t\t\t\t\t\t<\/div>\n\t\t\t\t<\/div>\n\t\t\t\t\t<\/div>\n\t\t<\/div>\n\t\t\t\t\t\t\t<\/div>\n\t\t<\/section>\n\t\t\t\t\t\t<\/div>\n\t\t\t\t\t<\/div>\n\t\t","protected":false},"excerpt":{"rendered":"<p>\u00a0\u00a0 C\u00edlem projektu je v\u00fdstavba nov\u00fdch budov denn\u00edch stacion\u00e1\u0159\u016f, kter\u00e9 budou slou\u017eit k roz\u0161\u00ed\u0159en\u00ed slu\u017eeb Domu sv. Anton\u00edna&#8230;<\/p>\n","protected":false},"author":6,"featured_media":24257,"comment_status":"closed","ping_status":"open","sticky":false,"template":"","format":"standard","meta":{"ngg_post_thumbnail":0,"footnotes":""},"categories":[1],"tags":[],"class_list":["post-24250","post","type-post","status-publish","format-standard","has-post-thumbnail","hentry","category-aktuality"],"_links":{"self":[{"href":"https:\/\/www.dsvamb.cz\/index.php?rest_route=\/wp\/v2\/posts\/24250","targetHints":{"allow":["GET"]}}],"collection":[{"href":"https:\/\/www.dsvamb.cz\/index.php?rest_route=\/wp\/v2\/posts"}],"about":[{"href":"https:\/\/www.dsvamb.cz\/index.php?rest_route=\/wp\/v2\/types\/post"}],"author":[{"embeddable":true,"href":"https:\/\/www.dsvamb.cz\/index.php?rest_route=\/wp\/v2\/users\/6"}],"replies":[{"embeddable":true,"href":"https:\/\/www.dsvamb.cz\/index.php?rest_route=%2Fwp%2Fv2%2Fcomments&post=24250"}],"version-history":[{"count":4,"href":"https:\/\/www.dsvamb.cz\/index.php?rest_route=\/wp\/v2\/posts\/24250\/revisions"}],"predecessor-version":[{"id":24254,"href":"https:\/\/www.dsvamb.cz\/index.php?rest_route=\/wp\/v2\/posts\/24250\/revisions\/24254"}],"wp:featuredmedia":[{"embeddable":true,"href":"https:\/\/www.dsvamb.cz\/index.php?rest_route=\/wp\/v2\/media\/24257"}],"wp:attachment":[{"href":"https:\/\/www.dsvamb.cz\/index.php?rest_route=%2Fwp%2Fv2%2Fmedia&parent=24250"}],"wp:term":[{"taxonomy":"category","embeddable":true,"href":"https:\/\/www.dsvamb.cz\/index.php?rest_route=%2Fwp%2Fv2%2Fcategories&post=24250"},{"taxonomy":"post_tag","embeddable":true,"href":"https:\/\/www.dsvamb.cz\/index.php?rest_route=%2Fwp%2Fv2%2Ftags&post=24250"}],"curies":[{"name":"wp","href":"https:\/\/api.w.org\/{rel}","templated":true}]}}